{"id":1,"date":"2019-11-03T06:00:51","date_gmt":"2019-11-03T06:00:51","guid":{"rendered":"https:\/\/susan-infanger.ch\/v2\/?p=1"},"modified":"2019-11-03T00:14:10","modified_gmt":"2019-11-03T00:14:10","slug":"redesign","status":"publish","type":"post","link":"https:\/\/susan-infanger.ch\/v2\/2019\/11\/03\/redesign\/","title":{"rendered":"Redesign der Webseite"},"content":{"rendered":"<p>[et_pb_section fb_built=&#8221;1&#8243; _builder_version=&#8221;4.0.4&#8243; background_enable_color=&#8221;off&#8221; custom_margin=&#8221;0px||0px||false|false&#8221; custom_padding=&#8221;0px||0px||false|false&#8221;][et_pb_row _builder_version=&#8221;4.0.4&#8243; background_enable_color=&#8221;off&#8221;][et_pb_column type=&#8221;4_4&#8243; _builder_version=&#8221;4.0.4&#8243;][et_pb_text _builder_version=&#8221;4.0.4&#8243;]Dass eine Firma heutzutage mit ihren Dienstleistungen auch im Internet pr\u00e4sent ist, das ist eigentlich &#8220;state of the art&#8221;. Aber nur statisch online pr\u00e4sent zu sein, reicht nicht aus. Der Internetauftritt muss gepflegt und regelm\u00e4ssig aktualisiert werden. Ausserdem empfiehlt es sich, von Zeit zu Zeit ein Redesign der Webseite vorzunehmen.<\/p>\n<p>Dies haben wir uns vor einiger Zeit auch gesagt. Gesagt und eigentlich auch getan, aber wenn man den Anspruch hat, dass man den Auftritt komplett selbst machen m\u00f6chte, dann ist das doch zeitaufw\u00e4ndiger, als man anf\u00e4nglich vielleicht denkt.<\/p>\n<p>Schnell haben wir gemerkt, dass nicht nur der Internetauftritt, sondern auch das Logo grunds\u00e4tzlich \u00fcberarbeitet werden m\u00fcsste. So musste vorab zus\u00e4tzlich Zeit investiert werden und Susan kreierte das f\u00fcr sie passende Logo. Das Endergebnis ist f\u00fcr uns absolut stimmig geworden, selbst wenn es kein professioneller Grafiker entworfen hat.<br \/>\n[\/et_pb_text][et_pb_image src=&#8221;https:\/\/susan-infanger.ch\/v2\/wp-content\/uploads\/2019\/11\/Logo_alt-neu.png&#8221; _builder_version=&#8221;4.0.4&#8243;][\/et_pb_image][et_pb_text _builder_version=&#8221;4.0.4&#8243;]Passend zum neuen Logo musste dann ein Grundlayout f\u00fcr die neue Webseite gesucht werden. Auch das nahm wieder Zeit in Anspruch. Und so verstrich am Ende deutlich mehr Zeit, als wir uns dies anfangs gedacht hatten. In letzter Zeit konnten wir unsere Bem\u00fchungen deutlich intensivieren und sukzessive nahm die Webseite Gestalt an und f\u00fcllte sich mit Bildern und Inhalten. Daran herumfeilen k\u00f6nnte man stets noch etwas, aber wir haben uns entschieden, heute mit der neuen Webseite online zu gehen und sind der Ansicht, dass wir verglichen mit der alten Webseite einen Schritt nach vorne gegangen sind.<\/p>\n<p>Nat\u00fcrlich sind wir nun gespannt, wie die neue Homepage ankommt und freuen uns auf kritische, positive und konstruktive Kommentare.<br \/>\n[\/et_pb_text][\/et_pb_column][\/et_pb_row][\/et_pb_section]<\/p>\n","protected":false},"excerpt":{"rendered":"<p>Dass eine Firma heutzutage mit ihren Dienstleistungen auch im Internet pr\u00e4sent ist, das ist eigentlich &#8220;state of the art&#8221;. Aber nur statisch online pr\u00e4sent zu sein, reicht nicht aus. Der Internetauftritt muss gepflegt und regelm\u00e4ssig aktualisiert werden. Ausserdem empfiehlt es sich, von Zeit zu Zeit ein Redesign der Webseite vorzunehmen. Dies haben wir uns vor [&hellip;]<\/p>\n","protected":false},"author":1,"featured_media":207231,"comment_status":"open","ping_status":"closed","sticky":false,"template":"","format":"standard","meta":{"_et_pb_use_builder":"on","_et_pb_old_content":"<p><br \/><br \/><\/p>\r\n<!-- wp:paragraph --><!-- \/wp:paragraph -->","_et_gb_content_width":"","footnotes":""},"categories":[39],"tags":[],"class_list":["post-1","post","type-post","status-publish","format-standard","has-post-thumbnail","hentry","category-allgemein"],"_links":{"self":[{"href":"https:\/\/susan-infanger.ch\/v2\/wp-json\/wp\/v2\/posts\/1","targetHints":{"allow":["GET"]}}],"collection":[{"href":"https:\/\/susan-infanger.ch\/v2\/wp-json\/wp\/v2\/posts"}],"about":[{"href":"https:\/\/susan-infanger.ch\/v2\/wp-json\/wp\/v2\/types\/post"}],"author":[{"embeddable":true,"href":"https:\/\/susan-infanger.ch\/v2\/wp-json\/wp\/v2\/users\/1"}],"replies":[{"embeddable":true,"href":"https:\/\/susan-infanger.ch\/v2\/wp-json\/wp\/v2\/comments?post=1"}],"version-history":[{"count":25,"href":"https:\/\/susan-infanger.ch\/v2\/wp-json\/wp\/v2\/posts\/1\/revisions"}],"predecessor-version":[{"id":207329,"href":"https:\/\/susan-infanger.ch\/v2\/wp-json\/wp\/v2\/posts\/1\/revisions\/207329"}],"wp:featuredmedia":[{"embeddable":true,"href":"https:\/\/susan-infanger.ch\/v2\/wp-json\/wp\/v2\/media\/207231"}],"wp:attachment":[{"href":"https:\/\/susan-infanger.ch\/v2\/wp-json\/wp\/v2\/media?parent=1"}],"wp:term":[{"taxonomy":"category","embeddable":true,"href":"https:\/\/susan-infanger.ch\/v2\/wp-json\/wp\/v2\/categories?post=1"},{"taxonomy":"post_tag","embeddable":true,"href":"https:\/\/susan-infanger.ch\/v2\/wp-json\/wp\/v2\/tags?post=1"}],"curies":[{"name":"wp","href":"https:\/\/api.w.org\/{rel}","templated":true}]}}